{"id":11287,"date":"2025-09-02T13:20:00","date_gmt":"2025-09-02T11:20:00","guid":{"rendered":"https:\/\/torreviejarentals.es\/?p=11287"},"modified":"2025-11-24T04:12:12","modified_gmt":"2025-11-24T02:12:12","slug":"torrevieja-harbour-area-development","status":"publish","type":"post","link":"https:\/\/www.torreviejarentals.es\/sv\/torrevieja-harbour-area-development\/","title":{"rendered":"Torreviejas hamnomr\u00e5desutveckling"},"content":{"rendered":"<p><br>Borgm\u00e4staren i Torrevieja, Eduardo Dol\u00f3n, tillk\u00e4nnagav godk\u00e4nnandet av urbaniseringsprojektet f\u00f6r hamnen i Torrevieja och dess angr\u00e4nsande omr\u00e5den under kommunstyrelsens m\u00f6te den 18 november. Detta projekt syftar till att f\u00f6rb\u00e4ttra stadens centrum och strandpromenad, och fungerar som ett dynamiskt element. f\u00f6r kommunen.<\/p>\n\n\n\n<p>Inledningsvis fanns det kontroverser kring projektet, men dessa verkar ha l\u00f6sts. M\u00e5let \u00e4r att integrera hamnomr\u00e5det med resten av staden, enligt \u00f6nskem\u00e5l fr\u00e5n generaldirektoratet f\u00f6r hamnar i Generalitat Valenciana. Projektet faller under ramavtalet f\u00f6r gemensam projekt- och byggledning, med en ber\u00e4knad kostnad p\u00e5 1 700 539 \u20ac (inklusive moms) och en maximal genomf\u00f6randeperiod p\u00e5 5 m\u00e5nader.<\/p>\n\n\n\n<p>Projektets huvudfokus \u00e4r att minska trafiken i omr\u00e5det avsev\u00e4rt. Den planerar att ers\u00e4tta den nuvarande Paseo de la Libertad med en rymlig esplanad f\u00f6r flera anv\u00e4ndningsomr\u00e5den som str\u00e4cker sig fr\u00e5n de nuvarande strandpromenadens byggnader till havet. I detta omr\u00e5de kommer trafiken att begr\u00e4nsas till n\u00f6dsituationer, boende och cateringtj\u00e4nster. Omgivande gator som Azor\u00edn, Chapaprieta, Mar\u00eda Parodi, Rambla Juan Mateo, Heraclio, Ram\u00f3n y Cajal, Pedro Lorca, Zoa och Apolo kommer ocks\u00e5 att bli fotg\u00e4ngare eller halvfotg\u00e4ngare.<\/p>\n\n\n\n<p>Projektet kommer att integrera Paseo Vista Alegre och omgivningarna i Eras de la Sal, som t\u00e4cker en yta p\u00e5 \u00f6ver 90 000 kvadratmeter. F\u00f6r att hantera trafiken effektivt kommer helt\u00e4ckande l\u00f6sningar att implementeras, inklusive styrning av fordonsfl\u00f6den in och ut ur hamnomr\u00e5det och hantering av kollektivtrafik, s\u00e4rskilt stadstrafik och taxibilar.<\/p>\n\n\n\n<p>Den f\u00f6rsta fasen, planerad till januari till april 2023, kommer att fokusera p\u00e5 dagvatteninfrastrukturarbeten runt Calle Rambla Juan Mateo, som ansluter till hamnen via Paseo de la Libertad. Anstr\u00e4ngningar kommer att g\u00f6ras f\u00f6r att minimera st\u00f6rningar under p\u00e5skveckan och sommaren f\u00f6r att undvika att avbryta kommersiella och bes\u00f6ksn\u00e4ra aktiviteter och stadstrafik.<\/p>\n\n\n\n<p>Den andra fasen, som ska b\u00f6rja i september 2023, kommer att behandla Paseo de la Libertad esplanaden, Plaza Capdepont, Emilio Castelar och Waldo Calero, f\u00f6r att s\u00e4kerst\u00e4lla kompatibilitet med arbeten som utf\u00f6rs av koncessionshavaren.<\/p>","protected":false},"excerpt":{"rendered":"<p>Borgm\u00e4staren i Torrevieja, Eduardo Dol\u00f3n, tillk\u00e4nnagav godk\u00e4nnandet av urbaniseringsprojektet f\u00f6r hamnen i Torrevieja och dess angr\u00e4nsande omr\u00e5den under kommunstyrelsens m\u00f6te den 18 november. Detta projekt syftar till att f\u00f6rb\u00e4ttra stadens centrum och strandpromenad, och fungerar som ett dynamiskt element. f\u00f6r kommunen. Inledningsvis fanns det kontroverser kring [\u2026]<\/p>","protected":false},"author":1,"featured_media":11289,"comment_status":"open","ping_status":"open","sticky":false,"template":"","format":"standard","meta":{"_acf_changed":false,"om_disable_all_campaigns":false,"_monsterinsights_skip_tracking":false,"_monsterinsights_sitenote_active":false,"_monsterinsights_sitenote_note":"","_monsterinsights_sitenote_category":0,"_uf_show_specific_survey":0,"_uf_disable_surveys":false,"footnotes":""},"categories":[1,462],"tags":[464],"class_list":["post-11287","post","type-post","status-publish","format-standard","has-post-thumbnail","hentry","category-uncategorized","category-torrevieja-news","tag-development"],"acf":[],"_links":{"self":[{"href":"https:\/\/www.torreviejarentals.es\/sv\/wp-json\/wp\/v2\/posts\/11287","targetHints":{"allow":["GET"]}}],"collection":[{"href":"https:\/\/www.torreviejarentals.es\/sv\/wp-json\/wp\/v2\/posts"}],"about":[{"href":"https:\/\/www.torreviejarentals.es\/sv\/wp-json\/wp\/v2\/types\/post"}],"author":[{"embeddable":true,"href":"https:\/\/www.torreviejarentals.es\/sv\/wp-json\/wp\/v2\/users\/1"}],"replies":[{"embeddable":true,"href":"https:\/\/www.torreviejarentals.es\/sv\/wp-json\/wp\/v2\/comments?post=11287"}],"version-history":[{"count":2,"href":"https:\/\/www.torreviejarentals.es\/sv\/wp-json\/wp\/v2\/posts\/11287\/revisions"}],"predecessor-version":[{"id":15872,"href":"https:\/\/www.torreviejarentals.es\/sv\/wp-json\/wp\/v2\/posts\/11287\/revisions\/15872"}],"wp:featuredmedia":[{"embeddable":true,"href":"https:\/\/www.torreviejarentals.es\/sv\/wp-json\/wp\/v2\/media\/11289"}],"wp:attachment":[{"href":"https:\/\/www.torreviejarentals.es\/sv\/wp-json\/wp\/v2\/media?parent=11287"}],"wp:term":[{"taxonomy":"category","embeddable":true,"href":"https:\/\/www.torreviejarentals.es\/sv\/wp-json\/wp\/v2\/categories?post=11287"},{"taxonomy":"post_tag","embeddable":true,"href":"https:\/\/www.torreviejarentals.es\/sv\/wp-json\/wp\/v2\/tags?post=11287"}],"curies":[{"name":"wp","href":"https:\/\/api.w.org\/{rel}","templated":true}]}}